{"id":102,"count":12,"description":"<h1>Pellet\u00f6fen<\/h1>\r\nSie \u00fcberlegen, einen Pelletofen zu kaufen? Nat\u00fcrlich k\u00f6nnen Sie das bei 123-Kaminofen. Neben Kamin\u00f6fen, Zentralheizungs\u00f6fen und Einbaukaminen bieten wir auch ein <strong>breites Angebot an Pellet\u00f6fen<\/strong>. Ein Pelletofen bringt sowohl Gem\u00fctlichkeit als auch praktische W\u00e4rme in Ihr Zuhause. Ein Pelletofen verbrennt Holzpellets, gepresste Holzpellets, die aus Holzprodukten wie S\u00e4gemehl, Baumschnitt und anderen Restprodukten hergestellt werden. Diese Pellets erm\u00f6glichen dem Ofen eine sehr effiziente Verbrennung. Au\u00dferdem l\u00e4sst sich die Temperatur relativ einfach regeln. Viele Pellet\u00f6fen bieten sogar die M\u00f6glichkeit, ein Tagesprogramm einzustellen, so dass Sie entscheiden k\u00f6nnen, wann Sie den Ofen ein- und ausschalten. Dies ist ein gro\u00dfer Vorteil gegen\u00fcber einem \u201enormalen\u201c Holzofen.\r\n\r\nWelche Art von Holzpellets Sie verwenden, ist wichtig f\u00fcr den Betrieb und die W\u00e4rmeerzeugung Ihres Pelletofens. <strong>Achten Sie darauf, dass Sie immer Pellets mit einem Zertifikatssiegel kaufen<\/strong>\u00a0(<em>DINplus, EN+ oder A1+ zertifiziert<\/em>). Das ist nicht nur besser f\u00fcr Ihren Ofen, sondern auch f\u00fcr die Umwelt.\r\n\r\n<span style=\"text-decoration: underline\">Die Wartung Ihres Ofens ist wichtig.<\/span> Sowohl ein Holzofen als auch ein Pelletofen m\u00fcssen regelm\u00e4\u00dfig gewartet werden. Im Allgemeinen erfordert ein Pelletofen etwas mehr Wartung als ein Holzofen. Bei beiden \u00d6fen ist eine regelm\u00e4\u00dfige Reinigung erforderlich. Es ist auch ratsam, sie j\u00e4hrlich von einem Fachmann reinigen zu lassen.\r\n<h2>Finden Sie ganz einfach Ihren perfekten Pelletofen<\/h2>\r\nUnsere praktischen Filteroptionen erm\u00f6glichen es Ihnen, Ihre Pr\u00e4ferenzen anzupassen, z. B. die gew\u00fcnschte Leistung, Ausstattung und sogar die Marke. Schaffen Sie Ihr ultimatives Kaminofenerlebnis, indem Sie genau das finden, wonach Sie suchen!","link":"https:\/\/www.123-kaminofen.de\/deutsch\/kat\/pelletofen\/","name":"Pellet\u00f6fen","slug":"pelletofen","taxonomy":"product_cat","parent":0,"meta":[],"yoast_head":"<!-- This site is optimized with the Yoast SEO plugin v23.0 - https:\/\/yoast.com\/wordpress\/plugins\/seo\/ -->\n<title>Pellet\u00f6fen | 123-Kaminofen<\/title>\n<meta name=\"description\" content=\"Pellet\u00f6fen. Natuurlijk bij 123-Kaminofen. De expert in duurzaamheid. Neem gerust contact met ons op of kom langs in onze showroom!\" \/>\n<meta name=\"robots\" content=\"noindex, follow\" \/>\n<meta property=\"og:locale\" content=\"de_DE\" \/>\n<meta property=\"og:type\" content=\"article\" \/>\n<meta property=\"og:title\" content=\"Pellet\u00f6fen | 123-Kaminofen\" \/>\n<meta property=\"og:description\" content=\"Pellet\u00f6fen. Natuurlijk bij 123-Kaminofen. De expert in duurzaamheid. Neem gerust contact met ons op of kom langs in onze showroom!\" \/>\n<meta property=\"og:url\" content=\"https:\/\/www.123-kaminofen.de\/deutsch\/kat\/pelletofen\/\" \/>\n<meta property=\"og:site_name\" content=\"123-Kaminofen\" \/>\n<meta name=\"twitter:card\" content=\"summary_large_image\" \/>\n<script type=\"application\/ld+json\" class=\"yoast-schema-graph\">{\"@context\":\"https:\/\/schema.org\",\"@graph\":[{\"@type\":\"CollectionPage\",\"@id\":\"https:\/\/www.123-kaminofen.de\/deutsch\/kat\/pelletofen\/\",\"url\":\"https:\/\/www.123-kaminofen.de\/deutsch\/kat\/pelletofen\/\",\"name\":\"Pellet\u00f6fen | 123-Kaminofen\",\"isPartOf\":{\"@id\":\"https:\/\/www.123-kaminofen.de\/deutsch\/#website\"},\"description\":\"Pellet\u00f6fen. Natuurlijk bij 123-Kaminofen. De expert in duurzaamheid. Neem gerust contact met ons op of kom langs in onze showroom!\",\"breadcrumb\":{\"@id\":\"https:\/\/www.123-kaminofen.de\/deutsch\/kat\/pelletofen\/#breadcrumb\"},\"inLanguage\":\"de-DE\"},{\"@type\":\"BreadcrumbList\",\"@id\":\"https:\/\/www.123-kaminofen.de\/deutsch\/kat\/pelletofen\/#breadcrumb\",\"itemListElement\":[{\"@type\":\"ListItem\",\"position\":1,\"name\":\"Home\",\"item\":\"https:\/\/www.123-kaminofen.de\/deutsch\/\"},{\"@type\":\"ListItem\",\"position\":2,\"name\":\"Pellet\u00f6fen\"}]},{\"@type\":\"WebSite\",\"@id\":\"https:\/\/www.123-kaminofen.de\/deutsch\/#website\",\"url\":\"https:\/\/www.123-kaminofen.de\/deutsch\/\",\"name\":\"123-Kaminofen\",\"description\":\"\",\"publisher\":{\"@id\":\"https:\/\/www.123-kaminofen.de\/deutsch\/#organization\"},\"potentialAction\":[{\"@type\":\"SearchAction\",\"target\":{\"@type\":\"EntryPoint\",\"urlTemplate\":\"https:\/\/www.123-kaminofen.de\/deutsch\/?s={search_term_string}\"},\"query-input\":\"required name=search_term_string\"}],\"inLanguage\":\"de-DE\"},{\"@type\":\"Organization\",\"@id\":\"https:\/\/www.123-kaminofen.de\/deutsch\/#organization\",\"name\":\"Handelsbetrieb Bakker\",\"alternateName\":\"123-Kaminofen\",\"url\":\"https:\/\/www.123-kaminofen.de\/deutsch\/\",\"logo\":{\"@type\":\"ImageObject\",\"inLanguage\":\"de-DE\",\"@id\":\"https:\/\/www.123-kaminofen.de\/deutsch\/#\/schema\/logo\/image\/\",\"url\":\"https:\/\/www.spectrumsolar.nl\/deutsch\/wp-content\/uploads\/2023\/04\/123-Kaminofen.png\",\"contentUrl\":\"https:\/\/www.spectrumsolar.nl\/deutsch\/wp-content\/uploads\/2023\/04\/123-Kaminofen.png\",\"width\":1447,\"height\":221,\"caption\":\"Handelsbetrieb Bakker\"},\"image\":{\"@id\":\"https:\/\/www.123-kaminofen.de\/deutsch\/#\/schema\/logo\/image\/\"},\"sameAs\":[\"https:\/\/www.facebook.com\/123kaminofen\",\"https:\/\/instagram.com\/123kaminofen\"]}]}<\/script>\n<!-- \/ Yoast SEO plugin. -->","yoast_head_json":{"title":"Pellet\u00f6fen | 123-Kaminofen","description":"Pellet\u00f6fen. Natuurlijk bij 123-Kaminofen. De expert in duurzaamheid. Neem gerust contact met ons op of kom langs in onze showroom!","robots":{"index":"noindex","follow":"follow"},"og_locale":"de_DE","og_type":"article","og_title":"Pellet\u00f6fen | 123-Kaminofen","og_description":"Pellet\u00f6fen. Natuurlijk bij 123-Kaminofen. De expert in duurzaamheid. Neem gerust contact met ons op of kom langs in onze showroom!","og_url":"https:\/\/www.123-kaminofen.de\/deutsch\/kat\/pelletofen\/","og_site_name":"123-Kaminofen","twitter_card":"summary_large_image","schema":{"@context":"https:\/\/schema.org","@graph":[{"@type":"CollectionPage","@id":"https:\/\/www.123-kaminofen.de\/deutsch\/kat\/pelletofen\/","url":"https:\/\/www.123-kaminofen.de\/deutsch\/kat\/pelletofen\/","name":"Pellet\u00f6fen | 123-Kaminofen","isPartOf":{"@id":"https:\/\/www.123-kaminofen.de\/deutsch\/#website"},"description":"Pellet\u00f6fen. Natuurlijk bij 123-Kaminofen. De expert in duurzaamheid. Neem gerust contact met ons op of kom langs in onze showroom!","breadcrumb":{"@id":"https:\/\/www.123-kaminofen.de\/deutsch\/kat\/pelletofen\/#breadcrumb"},"inLanguage":"de-DE"},{"@type":"BreadcrumbList","@id":"https:\/\/www.123-kaminofen.de\/deutsch\/kat\/pelletofen\/#breadcrumb","itemListElement":[{"@type":"ListItem","position":1,"name":"Home","item":"https:\/\/www.123-kaminofen.de\/deutsch\/"},{"@type":"ListItem","position":2,"name":"Pellet\u00f6fen"}]},{"@type":"WebSite","@id":"https:\/\/www.123-kaminofen.de\/deutsch\/#website","url":"https:\/\/www.123-kaminofen.de\/deutsch\/","name":"123-Kaminofen","description":"","publisher":{"@id":"https:\/\/www.123-kaminofen.de\/deutsch\/#organization"},"potentialAction":[{"@type":"SearchAction","target":{"@type":"EntryPoint","urlTemplate":"https:\/\/www.123-kaminofen.de\/deutsch\/?s={search_term_string}"},"query-input":"required name=search_term_string"}],"inLanguage":"de-DE"},{"@type":"Organization","@id":"https:\/\/www.123-kaminofen.de\/deutsch\/#organization","name":"Handelsbetrieb Bakker","alternateName":"123-Kaminofen","url":"https:\/\/www.123-kaminofen.de\/deutsch\/","logo":{"@type":"ImageObject","inLanguage":"de-DE","@id":"https:\/\/www.123-kaminofen.de\/deutsch\/#\/schema\/logo\/image\/","url":"https:\/\/www.spectrumsolar.nl\/deutsch\/wp-content\/uploads\/2023\/04\/123-Kaminofen.png","contentUrl":"https:\/\/www.spectrumsolar.nl\/deutsch\/wp-content\/uploads\/2023\/04\/123-Kaminofen.png","width":1447,"height":221,"caption":"Handelsbetrieb Bakker"},"image":{"@id":"https:\/\/www.123-kaminofen.de\/deutsch\/#\/schema\/logo\/image\/"},"sameAs":["https:\/\/www.facebook.com\/123kaminofen","https:\/\/instagram.com\/123kaminofen"]}]}},"_links":{"self":[{"href":"https:\/\/www.123-kaminofen.de\/deutsch\/wp-json\/wp\/v2\/product_cat\/102"}],"collection":[{"href":"https:\/\/www.123-kaminofen.de\/deutsch\/wp-json\/wp\/v2\/product_cat"}],"about":[{"href":"https:\/\/www.123-kaminofen.de\/deutsch\/wp-json\/wp\/v2\/taxonomies\/product_cat"}],"wp:post_type":[{"href":"https:\/\/www.123-kaminofen.de\/deutsch\/wp-json\/wp\/v2\/product?product_cat=102"}],"curies":[{"name":"wp","href":"https:\/\/api.w.org\/{rel}","templated":true}]}}